{"id":16934,"date":"2013-07-05T16:50:43","date_gmt":"2013-07-05T14:50:43","guid":{"rendered":"https:\/\/www.uretek.ch\/?p=16934\/"},"modified":"2020-03-03T18:56:49","modified_gmt":"2020-03-03T17:56:49","slug":"permeabilite-reduite","status":"publish","type":"post","link":"https:\/\/www.uretek.ch\/fr\/permeabilite-reduite\/","title":{"rendered":"Perm\u00e9abilit\u00e9 r\u00e9duite"},"content":{"rendered":"<section class=\"l-section wpb_row height_small\"><div class=\"l-section-h i-cf\"><div class=\"g-cols vc_row via_flex valign_top type_default stacking_default\"><div class=\"vc_col-sm-12 wpb_column vc_column_container\"><div class=\"vc_column-inner\"><div class=\"wpb_wrapper\"><div class=\"wpb_text_column us_custom_a77924a3\"><div class=\"wpb_wrapper\"><h4>Cet article int\u00e9ressant est le r\u00e9sultat de deux \u00e9tudes men\u00e9es en \u00adAustralie et en Italie. Les analyses montrent que \u00adl&rsquo;injection de r\u00e9sines expansives URETEK ne permet pas seulement de \u00adconsolider le terrain, mais qu&rsquo;elle am\u00e9liore \u00ad\u00e9galement le comportement hydraulique des sols, sensibles \u00e0 la \u00ads\u00e9cheresse et \u00e0 la \u00adr\u00e9hydratation.<\/h4>\n<h3>Effet des injections de r\u00e9sine expansive URETEK\u00a0sur les sols sensibles aux gonflements et retraits<\/h3>\n<h4>Drainage des eaux souterraines et r\u00e9duction de la perm\u00e9abilit\u00e9 de la masse structur\u00e9e du sol<\/h4>\n<\/div><\/div><div class=\"g-cols wpb_row via_flex valign_top type_boxes stacking_default\" style=\"--additional-gap:25px;\"><div class=\"vc_col-sm-12 wpb_column vc_column_container has_bg_color\"><div class=\"vc_column-inner us_custom_9f274f1b\"><div class=\"wpb_wrapper\"><div class=\"w-image align_none meta_simple\"><a ref=\"magnificPopup\" href=\"https:\/\/www.uretek.ch\/wp-content\/uploads\/2017\/07\/Eindringen-des-Harzes-in-den-Boden.jpg\" aria-label=\"La p\u00e9n\u00e9tration de la r\u00e9sine dans le sol pr\u00e9sente diff\u00e9rents effets: remplissage des fissures dues au retrait, compactage par les injections de refoulement\" class=\"w-image-h\"><img decoding=\"async\" width=\"1200\" height=\"415\" src=\"https:\/\/www.uretek.ch\/wp-content\/uploads\/2017\/07\/Eindringen-des-Harzes-in-den-Boden.jpg\" class=\"attachment-full size-full\" alt=\"\" loading=\"lazy\" srcset=\"https:\/\/www.uretek.ch\/wp-content\/uploads\/2017\/07\/Eindringen-des-Harzes-in-den-Boden.jpg 1200w, https:\/\/www.uretek.ch\/wp-content\/uploads\/2017\/07\/Eindringen-des-Harzes-in-den-Boden-450x156.jpg 450w, https:\/\/www.uretek.ch\/wp-content\/uploads\/2017\/07\/Eindringen-des-Harzes-in-den-Boden-768x266.jpg 768w, https:\/\/www.uretek.ch\/wp-content\/uploads\/2017\/07\/Eindringen-des-Harzes-in-den-Boden-1024x354.jpg 1024w, https:\/\/www.uretek.ch\/wp-content\/uploads\/2017\/07\/Eindringen-des-Harzes-in-den-Boden-600x208.jpg 600w\" sizes=\"auto, (max-width: 1200px) 100vw, 1200px\" \/><\/a><div class=\"w-image-meta\"><div class=\"w-image-title\">La p\u00e9n\u00e9tration de la r\u00e9sine dans le sol pr\u00e9sente diff\u00e9rents effets: remplissage des fissures dues au retrait, compactage par les injections de refoulement<\/div><\/div><\/div><\/div><\/div><\/div><\/div><div class=\"wpb_text_column us_custom_95767c8d\"><div class=\"wpb_wrapper\"><h3>Analyse 1:<\/h3>\n<p>Mod\u00e8le conceptuel d\u2019un traitement avec des r\u00e9sines expansives PU d\u2019argiles susceptibles de gonfler d\u00e9pos\u00e9es sous les sols de fondation.<\/p>\n<p><em>R\u00e9alis\u00e9 en Australie par: Olivier Buzzi, Stephen Fityus, Yasumasa Sasaki<\/em><br \/>\n<em>Centre for Geotechnical and Materials Modelling, School of Engineering, University of Newcastle, NSW 2008 Australie<\/em><\/p>\n<p><strong>Cette \u00e9tude a montr\u00e9 les \u00e9l\u00e9ments \u00adsuivants:<\/strong><\/p>\n<ol style=\"list-style-type: lower-alpha;\">\n<li>la r\u00e9sine p\u00e9n\u00e8tre dans les espaces vides jusqu&rsquo;\u00e0 1\/10 mm et la zone de transition entre le sol et la r\u00e9sine \u00adatteint une \u00e9paisseur de 1 \u00e0 3 mm<\/li>\n<li>la p\u00e9n\u00e9tration de la r\u00e9sine \u00adexpansive URETEK dans les macropores va de pair avec une r\u00e9duction de la perm\u00e9abilit\u00e9 de la masse structur\u00e9e du sol<\/li>\n<\/ol>\n<p>L&rsquo;\u00e9tude fait remarquer, que pour la \u00add\u00e9termination de la \u00adperm\u00e9abilit\u00e9 d&rsquo;une couche de fondation, il ne convient pas d&rsquo;analyser un \u00e9chantillon du sol, mais une masse structur\u00e9e de celui-ci. \u00a0L&rsquo;importance de la prise en compte des caract\u00e9ristiques d&rsquo;une masse \u00adstructur\u00e9e dans le sous-sol existant a \u00e9t\u00e9 \u00adprouv\u00e9e par le Bureau de Recherches G\u00e9ologiques et Mini\u00e8res, le Laboratoire Central des Ponts et Chauss\u00e9es et par l&rsquo;\u00c9cole des Mines de Paris gr\u00e2ce \u00e0 des \u00e9tudes.<\/p>\n<p>Dans le cadre de l&rsquo;analyse du retrait et du gonflement, ainsi que de leurs cons\u00e9quences sur les b\u00e2timents, il a \u00e9t\u00e9 possible de montrer la signification des comportements diff\u00e9rents des sols dans leur \u00e9tat d&rsquo;origine, puis stabilis\u00e9s.<\/p>\n<p>L&rsquo;\u00e9tude, gr\u00e2ce \u00e0 des analyses de \u00adperm\u00e9abilit\u00e9, a permis de conclure et de prouver que l&rsquo;injection de r\u00e9sine peut r\u00e9duire la perm\u00e9abilit\u00e9 macroporeuse du sol d&rsquo;environ 50% apr\u00e8s l&rsquo;injection de la r\u00e9sine expansive URETEK et \u00adainsi induire une am\u00e9lioration essentielle du comportement \u00e0 la s\u00e9cheresse et la \u00adr\u00e9hydratation.<\/p>\n<p><strong>En outre, il a \u00e9galement \u00e9t\u00e9 constat\u00e9 que les injections ex\u00e9cut\u00e9es dans le cadre de la premi\u00e8re \u00e9tape de traitement avaient les effets suivants sur la transition entre le sous-sol et les fondations:<\/strong><\/p>\n<ol style=\"list-style-type: lower-alpha;\">\n<li>le remplissage des espaces directement sous les fondations, ainsi qu&rsquo;une imperm\u00e9abilisation de cette zone<\/li>\n<li>le compactage du sous-sol permet une meilleure transmission des charges du b\u00e2timent et une consolidation du sol de fondation en fonction des charges b\u00e2ties pr\u00e9sentes<\/li>\n<\/ol>\n<\/div><\/div><div class=\"g-cols wpb_row via_flex valign_top type_boxes stacking_default\" style=\"--additional-gap:25px;\"><div class=\"vc_col-sm-6 wpb_column vc_column_container has_bg_color\"><div class=\"vc_column-inner us_custom_9f274f1b\"><div class=\"wpb_wrapper\"><div class=\"w-image align_none meta_simple\"><a ref=\"magnificPopup\" href=\"https:\/\/www.uretek.ch\/wp-content\/uploads\/2017\/07\/Deuxiem-1.jpg\" aria-label=\"Agrandissement au microscope\" class=\"w-image-h\"><img decoding=\"async\" width=\"1000\" height=\"776\" src=\"https:\/\/www.uretek.ch\/wp-content\/uploads\/2017\/07\/Deuxiem-1.jpg\" class=\"attachment-large size-large\" alt=\"\" loading=\"lazy\" srcset=\"https:\/\/www.uretek.ch\/wp-content\/uploads\/2017\/07\/Deuxiem-1.jpg 1000w, https:\/\/www.uretek.ch\/wp-content\/uploads\/2017\/07\/Deuxiem-1-450x349.jpg 450w, https:\/\/www.uretek.ch\/wp-content\/uploads\/2017\/07\/Deuxiem-1-768x596.jpg 768w, https:\/\/www.uretek.ch\/wp-content\/uploads\/2017\/07\/Deuxiem-1-600x466.jpg 600w\" sizes=\"auto, (max-width: 1000px) 100vw, 1000px\" \/><\/a><div class=\"w-image-meta\"><div class=\"w-image-title\">Agrandissement au microscope<\/div><\/div><\/div><\/div><\/div><\/div><div class=\"vc_col-sm-6 wpb_column vc_column_container has_bg_color\"><div class=\"vc_column-inner us_custom_9f274f1b\"><div class=\"wpb_wrapper\"><div class=\"w-image align_none meta_simple\"><a ref=\"magnificPopup\" href=\"https:\/\/www.uretek.ch\/wp-content\/uploads\/2017\/02\/Reaktionen-einer-Mauerwerkstruktur_fr.jpg\" aria-label=\"R\u00e9actions d&#039;une structure ma\u00e7onn\u00e9e aux d\u00e9formations diff\u00e9rentielles d&#039;une fondation (Muniruzzaman, 1997)\" class=\"w-image-h\"><img decoding=\"async\" width=\"1000\" height=\"776\" src=\"https:\/\/www.uretek.ch\/wp-content\/uploads\/2017\/02\/Reaktionen-einer-Mauerwerkstruktur_fr.jpg\" class=\"attachment-large size-large\" alt=\"\" loading=\"lazy\" srcset=\"https:\/\/www.uretek.ch\/wp-content\/uploads\/2017\/02\/Reaktionen-einer-Mauerwerkstruktur_fr.jpg 1000w, https:\/\/www.uretek.ch\/wp-content\/uploads\/2017\/02\/Reaktionen-einer-Mauerwerkstruktur_fr-450x349.jpg 450w, https:\/\/www.uretek.ch\/wp-content\/uploads\/2017\/02\/Reaktionen-einer-Mauerwerkstruktur_fr-768x596.jpg 768w, https:\/\/www.uretek.ch\/wp-content\/uploads\/2017\/02\/Reaktionen-einer-Mauerwerkstruktur_fr-600x466.jpg 600w\" sizes=\"auto, (max-width: 1000px) 100vw, 1000px\" \/><\/a><div class=\"w-image-meta\"><div class=\"w-image-title\">R\u00e9actions d'une structure ma\u00e7onn\u00e9e aux d\u00e9formations diff\u00e9rentielles d'une fondation (Muniruzzaman, 1997)<\/div><\/div><\/div><\/div><\/div><\/div><\/div><div class=\"wpb_text_column us_custom_cda7a5f0\"><div class=\"wpb_wrapper\"><h3>Analyse 2:<\/h3>\n<p>Consolidation du sol par injection de \u00adr\u00e9sine polyur\u00e9thane (URETEK Deep \u00adInjections<sup>\u00ae<\/sup>) pour ma\u00eetriser le \u00adgonflement et le retrait des sols argileux.<\/p>\n<p><em>R\u00e9alis\u00e9 en Italie par: Alberto Pasquetto (Uretek S.r.l.), Matteo Gabassi (Uretek S.r.l.), Gianluca Vinco (Uretek S.r.l.), Cristiano Guerra (Universit\u00e0 di Urbino\/Italie)<\/em><\/p>\n<p><strong>Cette \u00e9tude a \u00e9t\u00e9 pr\u00e9sent\u00e9e en 2008 lors du Symposium international sur la s\u00e9cheresse organis\u00e9 par le Laboratoire des Ponts et Chauss\u00e9es. Les r\u00e9sultats sont les suivants:<\/strong><\/p>\n<ol style=\"list-style-type: lower-alpha;\">\n<li>La densit\u00e9 accrue des sols trait\u00e9s par injection de r\u00e9sine expansive prot\u00e8ge contre le risque de grandes variations de volume \u00e0 l&rsquo;avenir.<\/li>\n<li>Le refoulement des eaux souterraines gr\u00e2ce \u00e0 la r\u00e9sine r\u00e9duit consid\u00e9\u00adrable\u00adment le risque d&rsquo;tassements \u00e0 l&rsquo;avenir.<\/li>\n<\/ol>\n<p><strong>Le traitement par r\u00e9sine expansive \u00adURETEK a pour effet:<\/strong><\/p>\n<ol style=\"list-style-type: lower-alpha;\">\n<li>une r\u00e9sistance dynamique accrue du sol<\/li>\n<li>la saturation du sol avec de la r\u00e9sine et donc une r\u00e9duction de la teneur naturelle en eau<\/li>\n<\/ol>\n<p>Ces effets sont surtout visibles apr\u00e8s des p\u00e9riodes de grande s\u00e9cheresse, car le potentiel de retrait du sol est largement inf\u00e9rieur en p\u00e9riode s\u00e8che.<\/p>\n<\/div><\/div><div class=\"g-cols wpb_row via_flex valign_top type_boxes stacking_default\" style=\"--additional-gap:25px;\"><div class=\"vc_col-sm-6 wpb_column vc_column_container has_bg_color\"><div class=\"vc_column-inner us_custom_9f274f1b\"><div class=\"wpb_wrapper\"><div class=\"w-image align_none meta_simple\"><a ref=\"magnificPopup\" href=\"https:\/\/www.uretek.ch\/wp-content\/uploads\/2017\/02\/Diagramm-fr_vor-nach-Injektion.jpg\" aria-label=\"Comparaison des r\u00e9sultats de sondages de compression avant et apr\u00e8s injection de 20 kg de r\u00e9sine expansive \u00e0 une profondeur de 2.8 m\" class=\"w-image-h\"><img decoding=\"async\" width=\"520\" height=\"800\" src=\"https:\/\/www.uretek.ch\/wp-content\/uploads\/2017\/02\/Diagramm-fr_vor-nach-Injektion.jpg\" class=\"attachment-large size-large\" alt=\"\" loading=\"lazy\" srcset=\"https:\/\/www.uretek.ch\/wp-content\/uploads\/2017\/02\/Diagramm-fr_vor-nach-Injektion.jpg 520w, https:\/\/www.uretek.ch\/wp-content\/uploads\/2017\/02\/Diagramm-fr_vor-nach-Injektion-293x450.jpg 293w\" sizes=\"auto, (max-width: 520px) 100vw, 520px\" \/><\/a><div class=\"w-image-meta\"><div class=\"w-image-title\">Comparaison des r\u00e9sultats de sondages de compression avant et apr\u00e8s injection de 20 kg de r\u00e9sine expansive \u00e0 une profondeur de 2.8 m<\/div><\/div><\/div><\/div><\/div><\/div><div class=\"vc_col-sm-6 wpb_column vc_column_container has_bg_color\"><div class=\"vc_column-inner us_custom_9f274f1b\"><div class=\"wpb_wrapper\"><div class=\"w-image align_none meta_simple\"><a ref=\"magnificPopup\" href=\"https:\/\/www.uretek.ch\/wp-content\/uploads\/2017\/02\/Diagramm_fr_vor-nach-Trockenperiode.jpg\" aria-label=\"Comparaison des r\u00e9sultats de sondages de compression avant et apr\u00e8s une p\u00e9riode s\u00e8che\" class=\"w-image-h\"><img decoding=\"async\" width=\"520\" height=\"800\" src=\"https:\/\/www.uretek.ch\/wp-content\/uploads\/2017\/02\/Diagramm_fr_vor-nach-Trockenperiode.jpg\" class=\"attachment-large size-large\" alt=\"\" loading=\"lazy\" srcset=\"https:\/\/www.uretek.ch\/wp-content\/uploads\/2017\/02\/Diagramm_fr_vor-nach-Trockenperiode.jpg 520w, https:\/\/www.uretek.ch\/wp-content\/uploads\/2017\/02\/Diagramm_fr_vor-nach-Trockenperiode-293x450.jpg 293w\" sizes=\"auto, (max-width: 520px) 100vw, 520px\" \/><\/a><div class=\"w-image-meta\"><div class=\"w-image-title\">Comparaison des r\u00e9sultats de sondages de compression avant et apr\u00e8s une p\u00e9riode s\u00e8che<\/div><\/div><\/div><\/div><\/div><\/div><\/div><div class=\"w-separator size_medium with_line width_default thick_2 style_solid color_border align_center\"><div class=\"w-separator-h\"><\/div><\/div><div class=\"g-cols wpb_row via_flex valign_top type_default stacking_default\"><div class=\"vc_col-sm-12 wpb_column vc_column_container\"><div class=\"vc_column-inner\"><div class=\"wpb_wrapper\"><div class=\"w-separator size_small\"><\/div><div class=\"w-sharing type_solid align_none color_default\"><div class=\"w-sharing-list\"><a class=\"w-sharing-item email\" href=\"mailto:?subject=Perm\u00e9abilit\u00e9 r\u00e9duite&amp;body=https:\/\/www.uretek.ch\/fr\/wp-json\/wp\/v2\/posts\/16934\" title=\"Envoyer ceci par courriel\" aria-label=\"Envoyer ceci par courriel\"><i class=\"fas fa-envelope\"><\/i><\/a><a class=\"w-sharing-item facebook\" href=\"https:\/\/www.facebook.com\/sharer\/sharer.php?u=https:\/\/www.uretek.ch\/fr\/wp-json\/wp\/v2\/posts\/16934&amp;quote=Perm\u00e9abilit\u00e9 r\u00e9duite\" title=\"Partager ceci\" aria-label=\"Partager ceci\" onclick=\"window.open(this.href, &quot;facebook&quot;, &quot;toolbar=0,width=900,height=500&quot;); return false;\"><i class=\"fab fa-facebook\"><\/i><\/a><a class=\"w-sharing-item twitter\" href=\"https:\/\/twitter.com\/intent\/tweet?text=Perm\u00e9abilit\u00e9 r\u00e9duite&amp;url=https:\/\/www.uretek.ch\/fr\/wp-json\/wp\/v2\/posts\/16934\" title=\"Twitter ceci\" aria-label=\"Twitter ceci\" onclick=\"window.open(this.href, &quot;twitter&quot;, &quot;toolbar=0,width=650,height=360&quot;); return false;\"><i class=\"fab fa-x-twitter\"><svg style=\"width:1em; margin-bottom:-.1em;\" xmlns=\"http:\/\/www.w3.org\/2000\/svg\" viewBox=\"0 0 512 512\"><path fill=\"currentColor\" d=\"M389.2 48h70.6L305.6 224.2 487 464H345L233.7 318.6 106.5 464H35.8L200.7 275.5 26.8 48H172.4L272.9 180.9 389.2 48zM364.4 421.8h39.1L151.1 88h-42L364.4 421.8z\"\/><\/svg><\/i><\/a><a class=\"w-sharing-item linkedin\" href=\"https:\/\/www.linkedin.com\/shareArticle?mini=true&amp;url=https:\/\/www.uretek.ch\/fr\/wp-json\/wp\/v2\/posts\/16934\" title=\"Partager ceci\" aria-label=\"Partager ceci\" onclick=\"window.open(this.href, &quot;linkedin&quot;, &quot;toolbar=no,width=550,height=550&quot;); return false;\"><i class=\"fab fa-linkedin\"><\/i><\/a><\/div><\/div><\/div><\/div><\/div><\/div><div class=\"g-cols wpb_row via_flex valign_top type_default stacking_default\"><div class=\"vc_col-sm-12 vc_hidden-lg vc_hidden-md wpb_column vc_column_container\"><div class=\"vc_column-inner\"><div class=\"wpb_wrapper\"><div class=\"w-separator size_large\"><\/div><div class=\"w-popup w-btn-wrapper align_center\"><button aria-label=\"Conseil gratuit\" class=\"w-popup-trigger type_btn w-btn us-btn-style_8\"><span class=\"w-btn-label\">Conseil gratuit<\/span><\/button><div class=\"w-popup-overlay\" style=\"background:rgba(239,125,0,0.8);\"><\/div><div class=\"w-popup-wrap layout_default\" style=\"--title-color:var(--color-content-heading);--title-bg-color:#ffffff;--content-color:var(--color-content-text);--content-bg-color:var(--color-content-bg);--popup-width:600px;--popup-padding:5%;\"><div class=\"w-popup-box animation_fadeIn closerpos_outside with_title\"><div class=\"w-popup-box-h\"><div class=\"w-popup-box-title\">Conseil gratuit<\/div><div class=\"w-popup-box-content\"><div class=\"wpcf7 no-js\" id=\"wpcf7-f5838-o1\" lang=\"de-DE\" dir=\"ltr\">\n<div class=\"screen-reader-response\"><p role=\"status\" aria-live=\"polite\" aria-atomic=\"true\"><\/p> <ul><\/ul><\/div>\n<form action=\"\/fr\/wp-json\/wp\/v2\/posts\/16934#wpcf7-f5838-o1\" method=\"post\" class=\"wpcf7-form init\" aria-label=\"Kontaktformular\" enctype=\"multipart\/form-data\" novalidate=\"novalidate\" data-status=\"init\">\n<div style=\"display: none;\">\n<input type=\"hidden\" name=\"_wpcf7\" value=\"5838\" \/>\n<input type=\"hidden\" name=\"_wpcf7_version\" value=\"5.9.6\" \/>\n<input type=\"hidden\" name=\"_wpcf7_locale\" value=\"de_DE\" \/>\n<input type=\"hidden\" name=\"_wpcf7_unit_tag\" value=\"wpcf7-f5838-o1\" \/>\n<input type=\"hidden\" name=\"_wpcf7_container_post\" value=\"0\" \/>\n<input type=\"hidden\" name=\"_wpcf7_posted_data_hash\" value=\"\" \/>\n<\/div>\n<p>Je souhaite:<br \/>\n<span class=\"wpcf7-form-control-wrap\" data-name=\"checkbox-236\"><span class=\"wpcf7-form-control wpcf7-checkbox\"><span class=\"wpcf7-list-item first\"><input type=\"checkbox\" name=\"checkbox-236[]\" value=\"un conseil gratuit sur site\" \/><span class=\"wpcf7-list-item-label\">un conseil gratuit sur site<\/span><\/span><span class=\"wpcf7-list-item\"><input type=\"checkbox\" name=\"checkbox-236[]\" value=\"un renseignement t\u00e9l\u00e9phonique\" \/><span class=\"wpcf7-list-item-label\">un renseignement t\u00e9l\u00e9phonique<\/span><\/span><span class=\"wpcf7-list-item last\"><input type=\"checkbox\" name=\"checkbox-236[]\" value=\"des documentations\" \/><span class=\"wpcf7-list-item-label\">des documentations<\/span><\/span><\/span><\/span>\n<\/p>\n<p>Au cas o\u00f9 vous d\u00e9sirez (apr\u00e8s visite sur site effectu\u00e9e), recevoir avant notre offre une estimation des co\u00fbts rapide et non contraignante, veuillez nous faire parvenir les plans de l'objet en question avec marquage de la zone concern\u00e9e ainsi que quelques mots-cl\u00e9s concernant la situation (y compris la nature du sous-sol, si connue).\n<\/p>\n<div class=\"form_spacer\">\n\t<p><span class=\"wpcf7-form-control-wrap\" data-name=\"file-863\"><input size=\"40\" class=\"wpcf7-form-control wpcf7-file\" accept=\".jpg,.jpeg,.png,.gif,.pdf,.doc,.docx\" aria-invalid=\"false\" type=\"file\" name=\"file-863\" \/><\/span>\n\t<\/p>\n<\/div>\n<p style=\"padding-top:10px;\">\n<\/p>\n<div class=\"form_spacer\">\n\t<p><span class=\"wpcf7-form-control-wrap\" data-name=\"menu-89\"><select class=\"wpcf7-form-control wpcf7-select\" aria-invalid=\"false\" name=\"menu-89\"><option value=\"Monsieur\">Monsieur<\/option><option value=\"Madame\">Madame<\/option><\/select><\/span>\n\t<\/p>\n<\/div>\n<div class=\"form_half\">\n\t<p><span class=\"wpcf7-form-control-wrap\" data-name=\"vorname\"><input size=\"40\" maxlength=\"80\" class=\"wpcf7-form-control wpcf7-text wpcf7-validates-as-required\" aria-required=\"true\" aria-invalid=\"false\" placeholder=\"Pr\u00e9nom*\" value=\"\" type=\"text\" name=\"vorname\" \/><\/span>\n\t<\/p>\n<\/div>\n<div class=\"form_half form_half_last\">\n\t<p><span class=\"wpcf7-form-control-wrap\" data-name=\"nachname\"><input size=\"40\" maxlength=\"80\" class=\"wpcf7-form-control wpcf7-text wpcf7-validates-as-required\" aria-required=\"true\" aria-invalid=\"false\" placeholder=\"Nom*\" value=\"\" type=\"text\" name=\"nachname\" \/><\/span>\n\t<\/p>\n<\/div>\n<div class=\"form_spacer\">\n\t<p><span class=\"wpcf7-form-control-wrap\" data-name=\"firmenname\"><input size=\"40\" maxlength=\"80\" class=\"wpcf7-form-control wpcf7-text\" aria-invalid=\"false\" placeholder=\"Raison sociale\" value=\"\" type=\"text\" name=\"firmenname\" \/><\/span>\n\t<\/p>\n<\/div>\n<div class=\"form_spacer\">\n\t<p><span class=\"wpcf7-form-control-wrap\" data-name=\"strasse\"><input size=\"40\" maxlength=\"80\" class=\"wpcf7-form-control wpcf7-text\" aria-invalid=\"false\" placeholder=\"Rue\/No.\" value=\"\" type=\"text\" name=\"strasse\" \/><\/span>\n\t<\/p>\n<\/div>\n<div class=\"form_third\">\n\t<p><span class=\"wpcf7-form-control-wrap\" data-name=\"plz\"><input size=\"40\" maxlength=\"80\" class=\"wpcf7-form-control wpcf7-text\" aria-invalid=\"false\" placeholder=\"CP\" value=\"\" type=\"text\" name=\"plz\" \/><\/span>\n\t<\/p>\n<\/div>\n<div class=\"form_third_last\">\n\t<p><span class=\"wpcf7-form-control-wrap\" data-name=\"ort\"><input size=\"40\" maxlength=\"80\" class=\"wpcf7-form-control wpcf7-text\" aria-invalid=\"false\" placeholder=\"Lieu\" value=\"\" type=\"text\" name=\"ort\" \/><\/span>\n\t<\/p>\n<\/div>\n<div class=\"form_half\">\n\t<p><span class=\"wpcf7-form-control-wrap\" data-name=\"telefon\"><input size=\"40\" maxlength=\"80\" class=\"wpcf7-form-control wpcf7-tel wpcf7-text wpcf7-validates-as-tel\" aria-invalid=\"false\" placeholder=\"T\u00e9l\u00e9phone\" value=\"\" type=\"tel\" name=\"telefon\" \/><\/span>\n\t<\/p>\n<\/div>\n<div class=\"form_half form_half_last\">\n\t<p><span class=\"wpcf7-form-control-wrap\" data-name=\"email-983\"><input size=\"40\" maxlength=\"80\" class=\"wpcf7-form-control wpcf7-email wpcf7-validates-as-required wpcf7-text wpcf7-validates-as-email\" aria-required=\"true\" aria-invalid=\"false\" placeholder=\"E-mail*\" value=\"\" type=\"email\" name=\"email-983\" \/><\/span>\n\t<\/p>\n<\/div>\n<div class=\"form_spacer\">\n\t<p><span class=\"wpcf7-form-control-wrap\" data-name=\"your-subject\"><input size=\"40\" maxlength=\"80\" class=\"wpcf7-form-control wpcf7-text\" aria-invalid=\"false\" placeholder=\"Objet\" value=\"\" type=\"text\" name=\"your-subject\" \/><\/span>\n\t<\/p>\n<\/div>\n<div class=\"form_spacer\">\n\t<p><span class=\"wpcf7-form-control-wrap\" data-name=\"your-message\"><textarea cols=\"40\" rows=\"10\" maxlength=\"400\" class=\"wpcf7-form-control wpcf7-textarea\" aria-invalid=\"false\" placeholder=\"Votre message\" name=\"your-message\"><\/textarea><\/span>\n\t<\/p>\n<\/div>\n<div class=\"form_spacer\" style=\"font-size:0.9rem;\">\n\t<p>Pour vous prot\u00e9ger contre le spam, veuillez r\u00e9pondre \u00e0 la question suivante\u00a0: <span class=\"wpcf7-form-control-wrap\" data-name=\"quiz-861\"><label><span class=\"wpcf7-quiz-label\">huit + trois = ? (nombre comme mot)<\/span> <input size=\"40\" class=\"wpcf7-form-control wpcf7-quiz\" autocomplete=\"off\" aria-required=\"true\" aria-invalid=\"false\" type=\"text\" name=\"quiz-861\" \/><\/label><input type=\"hidden\" name=\"_wpcf7_quiz_answer_quiz-861\" value=\"d2b7c29487ee5880eb26a733b420b8e8\" \/><\/span>\n\t<\/p>\n<\/div>\n<div id=\"anfrage\">\n\t<p><input class=\"wpcf7-form-control wpcf7-submit has-spinner\" type=\"submit\" value=\"Envoyer\" \/>\n\t<\/p>\n<\/div>\n<div class=\"form_spacer\">\n\t<p><span class=\"wpcf7-form-control-wrap\" data-name=\"acceptance-852\"><span class=\"wpcf7-form-control wpcf7-acceptance\"><span class=\"wpcf7-list-item\"><label><input type=\"checkbox\" name=\"acceptance-852\" value=\"1\" aria-invalid=\"false\" \/><span class=\"wpcf7-list-item-label\">Vous donnez votre accord pour que vos donn\u00e9es soient utilis\u00e9es pour le traitement de votre demande et d\u00e9clarez avoir pris connaissance de notre <a href=\"https:\/\/www.uretek.ch\/fr\/protection-des-donnees\/\" target=\"_blank\">d\u00e9claration de confidentialit\u00e9.<\/a> Vos donn\u00e9es de contact ne seront pas transmises \u00e0 des tiers.<\/span><\/label><\/span><\/span><\/span>\n\t<\/p>\n<\/div><div class=\"wpcf7-response-output\" aria-hidden=\"true\"><\/div>\n<\/form>\n<\/div>\n<\/div><\/div><\/div><div class=\"w-popup-closer\"><\/div><\/div><\/div><\/div><\/div><\/div><\/div>\n<\/div><\/div><\/div><\/div><\/div><\/section>\n","protected":false},"excerpt":{"rendered":"Cet article int\u00e9ressant est le r\u00e9sultat de deux \u00e9tudes men\u00e9es en \u00adAustralie et en Italie. Les analyses montrent que \u00adl&rsquo;injection de r\u00e9sines expansives URETEK ne permet pas seulement de \u00adconsolider le terrain, mais qu&rsquo;elle am\u00e9liore \u00ad\u00e9galement le comportement hydraulique des sols, sensibles \u00e0 la \u00ads\u00e9cheresse et \u00e0 la \u00adr\u00e9hydratation. Effet des injections de r\u00e9sine expansive...","protected":false},"author":1,"featured_media":16960,"comment_status":"closed","ping_status":"closed","sticky":false,"template":"","format":"standard","meta":{"footnotes":""},"categories":[221],"tags":[],"class_list":["post-16934","post","type-post","status-publish","format-standard","has-post-thumbnail","hentry","category-articles-techniques-fr"],"yoast_head":"<!-- This site is optimized with the Yoast SEO plugin v23.0 - https:\/\/yoast.com\/wordpress\/plugins\/seo\/ -->\n<title>Perm\u00e9abilit\u00e9 r\u00e9duite \u00bb URETEK Schweiz AG<\/title>\n<meta name=\"description\" content=\"Effet des injections de r\u00e9sine expansive URETEK sur les sols sensibles aux gonflements et retraits\" \/>\n<meta name=\"robots\" content=\"index, follow, max-snippet:-1, max-image-preview:large, max-video-preview:-1\" \/>\n<link rel=\"canonical\" href=\"https:\/\/www.uretek.ch\/fr\/permeabilite-reduite\/\" \/>\n<meta property=\"og:locale\" content=\"fr_FR\" \/>\n<meta property=\"og:type\" content=\"article\" \/>\n<meta property=\"og:title\" content=\"Perm\u00e9abilit\u00e9 r\u00e9duite \u00bb URETEK Schweiz AG\" \/>\n<meta property=\"og:description\" content=\"Effet des injections de r\u00e9sine expansive URETEK sur les sols sensibles aux gonflements et retraits\" \/>\n<meta property=\"og:url\" content=\"https:\/\/www.uretek.ch\/fr\/permeabilite-reduite\/\" \/>\n<meta property=\"og:site_name\" content=\"URETEK Schweiz AG\" \/>\n<meta property=\"article:published_time\" content=\"2013-07-05T14:50:43+00:00\" \/>\n<meta property=\"article:modified_time\" content=\"2020-03-03T17:56:49+00:00\" \/>\n<meta property=\"og:image\" content=\"https:\/\/www.uretek.ch\/wp-content\/uploads\/2017\/07\/Permeabilit\u00e4t.jpg\" \/>\n\t<meta property=\"og:image:width\" content=\"1200\" \/>\n\t<meta property=\"og:image:height\" content=\"900\" \/>\n\t<meta property=\"og:image:type\" content=\"image\/jpeg\" \/>\n<meta name=\"author\" content=\"rb\" \/>\n<meta name=\"twitter:card\" content=\"summary_large_image\" \/>\n<meta name=\"twitter:label1\" content=\"\u00c9crit par\" \/>\n\t<meta name=\"twitter:data1\" content=\"rb\" \/>\n\t<meta name=\"twitter:label2\" content=\"Dur\u00e9e de lecture estim\u00e9e\" \/>\n\t<meta name=\"twitter:data2\" content=\"5 minutes\" \/>\n<script type=\"application\/ld+json\" class=\"yoast-schema-graph\">{\"@context\":\"https:\/\/schema.org\",\"@graph\":[{\"@type\":\"WebPage\",\"@id\":\"https:\/\/www.uretek.ch\/fr\/permeabilite-reduite\/\",\"url\":\"https:\/\/www.uretek.ch\/fr\/permeabilite-reduite\/\",\"name\":\"Perm\u00e9abilit\u00e9 r\u00e9duite \u00bb URETEK Schweiz AG\",\"isPartOf\":{\"@id\":\"https:\/\/www.uretek.ch\/fr\/#website\"},\"primaryImageOfPage\":{\"@id\":\"https:\/\/www.uretek.ch\/fr\/permeabilite-reduite\/#primaryimage\"},\"image\":{\"@id\":\"https:\/\/www.uretek.ch\/fr\/permeabilite-reduite\/#primaryimage\"},\"thumbnailUrl\":\"https:\/\/www.uretek.ch\/wp-content\/uploads\/2017\/07\/Permeabilit\u00e4t.jpg\",\"datePublished\":\"2013-07-05T14:50:43+00:00\",\"dateModified\":\"2020-03-03T17:56:49+00:00\",\"author\":{\"@id\":\"https:\/\/www.uretek.ch\/fr\/#\/schema\/person\/a392d3f04aef0f294d9affa9e87f1df3\"},\"description\":\"Effet des injections de r\u00e9sine expansive URETEK sur les sols sensibles aux gonflements et retraits\",\"breadcrumb\":{\"@id\":\"https:\/\/www.uretek.ch\/fr\/permeabilite-reduite\/#breadcrumb\"},\"inLanguage\":\"fr-FR\",\"potentialAction\":[{\"@type\":\"ReadAction\",\"target\":[\"https:\/\/www.uretek.ch\/fr\/permeabilite-reduite\/\"]}]},{\"@type\":\"ImageObject\",\"inLanguage\":\"fr-FR\",\"@id\":\"https:\/\/www.uretek.ch\/fr\/permeabilite-reduite\/#primaryimage\",\"url\":\"https:\/\/www.uretek.ch\/wp-content\/uploads\/2017\/07\/Permeabilit\u00e4t.jpg\",\"contentUrl\":\"https:\/\/www.uretek.ch\/wp-content\/uploads\/2017\/07\/Permeabilit\u00e4t.jpg\",\"width\":1200,\"height\":900},{\"@type\":\"BreadcrumbList\",\"@id\":\"https:\/\/www.uretek.ch\/fr\/permeabilite-reduite\/#breadcrumb\",\"itemListElement\":[{\"@type\":\"ListItem\",\"position\":1,\"name\":\"Home\",\"item\":\"https:\/\/www.uretek.ch\/fr\/\"},{\"@type\":\"ListItem\",\"position\":2,\"name\":\"Perm\u00e9abilit\u00e9 r\u00e9duite\"}]},{\"@type\":\"WebSite\",\"@id\":\"https:\/\/www.uretek.ch\/fr\/#website\",\"url\":\"https:\/\/www.uretek.ch\/fr\/\",\"name\":\"URETEK Schweiz AG\",\"description\":\"\",\"potentialAction\":[{\"@type\":\"SearchAction\",\"target\":{\"@type\":\"EntryPoint\",\"urlTemplate\":\"https:\/\/www.uretek.ch\/fr\/?s={search_term_string}\"},\"query-input\":\"required name=search_term_string\"}],\"inLanguage\":\"fr-FR\"},{\"@type\":\"Person\",\"@id\":\"https:\/\/www.uretek.ch\/fr\/#\/schema\/person\/a392d3f04aef0f294d9affa9e87f1df3\",\"name\":\"rb\",\"image\":{\"@type\":\"ImageObject\",\"inLanguage\":\"fr-FR\",\"@id\":\"https:\/\/www.uretek.ch\/fr\/#\/schema\/person\/image\/\",\"url\":\"https:\/\/secure.gravatar.com\/avatar\/bd66f1a43d427636c6b8a8b559540fbd2be0e87a664bed851672f45dce462438?s=96&d=mm&r=g\",\"contentUrl\":\"https:\/\/secure.gravatar.com\/avatar\/bd66f1a43d427636c6b8a8b559540fbd2be0e87a664bed851672f45dce462438?s=96&d=mm&r=g\",\"caption\":\"rb\"},\"url\":\"https:\/\/www.uretek.ch\/fr\/author\/ad_r-f-bucher\/\"}]}<\/script>\n<!-- \/ Yoast SEO plugin. -->","yoast_head_json":{"title":"Perm\u00e9abilit\u00e9 r\u00e9duite \u00bb URETEK Schweiz AG","description":"Effet des injections de r\u00e9sine expansive URETEK sur les sols sensibles aux gonflements et retraits","robots":{"index":"index","follow":"follow","max-snippet":"max-snippet:-1","max-image-preview":"max-image-preview:large","max-video-preview":"max-video-preview:-1"},"canonical":"https:\/\/www.uretek.ch\/fr\/permeabilite-reduite\/","og_locale":"fr_FR","og_type":"article","og_title":"Perm\u00e9abilit\u00e9 r\u00e9duite \u00bb URETEK Schweiz AG","og_description":"Effet des injections de r\u00e9sine expansive URETEK sur les sols sensibles aux gonflements et retraits","og_url":"https:\/\/www.uretek.ch\/fr\/permeabilite-reduite\/","og_site_name":"URETEK Schweiz AG","article_published_time":"2013-07-05T14:50:43+00:00","article_modified_time":"2020-03-03T17:56:49+00:00","og_image":[{"width":1200,"height":900,"url":"https:\/\/www.uretek.ch\/wp-content\/uploads\/2017\/07\/Permeabilit\u00e4t.jpg","type":"image\/jpeg"}],"author":"rb","twitter_card":"summary_large_image","twitter_misc":{"\u00c9crit par":"rb","Dur\u00e9e de lecture estim\u00e9e":"5 minutes"},"schema":{"@context":"https:\/\/schema.org","@graph":[{"@type":"WebPage","@id":"https:\/\/www.uretek.ch\/fr\/permeabilite-reduite\/","url":"https:\/\/www.uretek.ch\/fr\/permeabilite-reduite\/","name":"Perm\u00e9abilit\u00e9 r\u00e9duite \u00bb URETEK Schweiz AG","isPartOf":{"@id":"https:\/\/www.uretek.ch\/fr\/#website"},"primaryImageOfPage":{"@id":"https:\/\/www.uretek.ch\/fr\/permeabilite-reduite\/#primaryimage"},"image":{"@id":"https:\/\/www.uretek.ch\/fr\/permeabilite-reduite\/#primaryimage"},"thumbnailUrl":"https:\/\/www.uretek.ch\/wp-content\/uploads\/2017\/07\/Permeabilit\u00e4t.jpg","datePublished":"2013-07-05T14:50:43+00:00","dateModified":"2020-03-03T17:56:49+00:00","author":{"@id":"https:\/\/www.uretek.ch\/fr\/#\/schema\/person\/a392d3f04aef0f294d9affa9e87f1df3"},"description":"Effet des injections de r\u00e9sine expansive URETEK sur les sols sensibles aux gonflements et retraits","breadcrumb":{"@id":"https:\/\/www.uretek.ch\/fr\/permeabilite-reduite\/#breadcrumb"},"inLanguage":"fr-FR","potentialAction":[{"@type":"ReadAction","target":["https:\/\/www.uretek.ch\/fr\/permeabilite-reduite\/"]}]},{"@type":"ImageObject","inLanguage":"fr-FR","@id":"https:\/\/www.uretek.ch\/fr\/permeabilite-reduite\/#primaryimage","url":"https:\/\/www.uretek.ch\/wp-content\/uploads\/2017\/07\/Permeabilit\u00e4t.jpg","contentUrl":"https:\/\/www.uretek.ch\/wp-content\/uploads\/2017\/07\/Permeabilit\u00e4t.jpg","width":1200,"height":900},{"@type":"BreadcrumbList","@id":"https:\/\/www.uretek.ch\/fr\/permeabilite-reduite\/#breadcrumb","itemListElement":[{"@type":"ListItem","position":1,"name":"Home","item":"https:\/\/www.uretek.ch\/fr\/"},{"@type":"ListItem","position":2,"name":"Perm\u00e9abilit\u00e9 r\u00e9duite"}]},{"@type":"WebSite","@id":"https:\/\/www.uretek.ch\/fr\/#website","url":"https:\/\/www.uretek.ch\/fr\/","name":"URETEK Schweiz AG","description":"","potentialAction":[{"@type":"SearchAction","target":{"@type":"EntryPoint","urlTemplate":"https:\/\/www.uretek.ch\/fr\/?s={search_term_string}"},"query-input":"required name=search_term_string"}],"inLanguage":"fr-FR"},{"@type":"Person","@id":"https:\/\/www.uretek.ch\/fr\/#\/schema\/person\/a392d3f04aef0f294d9affa9e87f1df3","name":"rb","image":{"@type":"ImageObject","inLanguage":"fr-FR","@id":"https:\/\/www.uretek.ch\/fr\/#\/schema\/person\/image\/","url":"https:\/\/secure.gravatar.com\/avatar\/bd66f1a43d427636c6b8a8b559540fbd2be0e87a664bed851672f45dce462438?s=96&d=mm&r=g","contentUrl":"https:\/\/secure.gravatar.com\/avatar\/bd66f1a43d427636c6b8a8b559540fbd2be0e87a664bed851672f45dce462438?s=96&d=mm&r=g","caption":"rb"},"url":"https:\/\/www.uretek.ch\/fr\/author\/ad_r-f-bucher\/"}]}},"_links":{"self":[{"href":"https:\/\/www.uretek.ch\/fr\/wp-json\/wp\/v2\/posts\/16934","targetHints":{"allow":["GET"]}}],"collection":[{"href":"https:\/\/www.uretek.ch\/fr\/wp-json\/wp\/v2\/posts"}],"about":[{"href":"https:\/\/www.uretek.ch\/fr\/wp-json\/wp\/v2\/types\/post"}],"author":[{"embeddable":true,"href":"https:\/\/www.uretek.ch\/fr\/wp-json\/wp\/v2\/users\/1"}],"replies":[{"embeddable":true,"href":"https:\/\/www.uretek.ch\/fr\/wp-json\/wp\/v2\/comments?post=16934"}],"version-history":[{"count":17,"href":"https:\/\/www.uretek.ch\/fr\/wp-json\/wp\/v2\/posts\/16934\/revisions"}],"predecessor-version":[{"id":29459,"href":"https:\/\/www.uretek.ch\/fr\/wp-json\/wp\/v2\/posts\/16934\/revisions\/29459"}],"wp:featuredmedia":[{"embeddable":true,"href":"https:\/\/www.uretek.ch\/fr\/wp-json\/wp\/v2\/media\/16960"}],"wp:attachment":[{"href":"https:\/\/www.uretek.ch\/fr\/wp-json\/wp\/v2\/media?parent=16934"}],"wp:term":[{"taxonomy":"category","embeddable":true,"href":"https:\/\/www.uretek.ch\/fr\/wp-json\/wp\/v2\/categories?post=16934"},{"taxonomy":"post_tag","embeddable":true,"href":"https:\/\/www.uretek.ch\/fr\/wp-json\/wp\/v2\/tags?post=16934"}],"curies":[{"name":"wp","href":"https:\/\/api.w.org\/{rel}","templated":true}]}}